{"exhibit":{"title":"Rebeld\u00eda y sedici\u00f3n contra la corona espa\u00f1ola","description":"<h4><span><a href=\"https:\/\/www.eltelegrafo.com.ec\/noticias\/regional\/1\/la-sentencia-contra-jose-antonio-galan-un-documento-conmovedor\" target=\"_blank\" rel=\"noopener\" title=\"Ver fuente original \"><\/a>Como \u201cun monstruo de maldad y abominaci\u00f3n, cuyo nombre y memoria deben ser proscritos y borrados [...] de aquellos felices vasallos que han tenido la dicha de nacer en los dominios de un REY el m\u00e1s piadoso, el m\u00e1s benigno, el m\u00e1s amante y el m\u00e1s digno de ser amado de todos sus s\u00fabditos, como el que la divina Providencia nos ha dispensado en la muy augusta y cat\u00f3lica persona del se\u00f1or don Carlos III\u201d, Gal\u00e1n es tomado preso y conducido a la c\u00e1rcel de Santa Fe, en donde luego del juicio es sentenciado a muerte junto con varios de sus seguidores. La sentencia deb\u00eda cumplirse en la plaza p\u00fablica, como una muestra del poder real; \u201cpara satisfacci\u00f3n al p\u00fablico y usar severidad lavando con la sangre de los culpables los negros borrones de infidelidad con que han manchado el amor y ternura con lo que los fieles habitantes de este Reino gloriosamente se lisonjean de obedecer a su soberano\u201d.<\/span><br \/><br \/><br \/><\/h4>","credits":"","featured":0,"public":1,"theme":"","theme_options":null,"slug":"rebeld--a-y-sedici--n-contra-l","added":"2020-05-02 00:29:34","modified":"2022-01-17 18:28:52","owner_id":6,"use_summary_page":0,"cover_image_file_id":null,"id":9},"item":{"item_type_id":null,"collection_id":23,"featured":0,"public":1,"added":"2019-04-02 22:57:16","modified":"2024-10-23 21:34:04","owner_id":6,"id":220}}