{"exhibit":{"title":"Paleograf\u00eda, tipos de letra y sigilograf\u00eda ","description":"<h5 style=\"text-align: left;\">Documentos que ilustran el tipo de letra paleogr\u00e1fica latina utilizada en los documentos a lo largo del tiempo, as\u00ed como los sellos empleados para su autorizaci\u00f3n, custodiados en el Archivo Nacional de Historia de Cuenca.<\/h5>","credits":"ANH\/C - P.Matute","featured":0,"public":1,"theme":"Bootstrap","theme_options":"a:7:{s:7:\"seasons\";a:7:{s:11:\"style_sheet\";s:6:\"summer\";s:11:\"footer_text\";s:96:\"<strong>C.C.E.AZUAY&nbsp; ANH\/C<\/strong> - <strong>BIBLIOTECA MANUEL MARIA MU\u00d1OZ CUEVA<\/strong>\";s:24:\"display_footer_copyright\";s:1:\"0\";s:17:\"item_file_gallery\";s:1:\"0\";s:19:\"use_advanced_search\";s:1:\"0\";s:12:\"exhibits_nav\";s:4:\"full\";s:4:\"logo\";s:36:\"3b83e2d1fcfc9ee47727e50e7d9b6316.jpg\";}s:7:\"default\";a:12:{s:10:\"text_color\";s:7:\"#17202A\";s:16:\"background_color\";s:7:\"#273736\";s:10:\"link_color\";s:7:\"#FBFCFC\";s:12:\"button_color\";s:7:\"#000000\";s:17:\"button_text_color\";s:7:\"#FFFFFF\";s:18:\"header_title_color\";s:7:\"#000000\";s:4:\"logo\";N;s:17:\"header_background\";N;s:11:\"footer_text\";s:62:\"Repositorio digital de la Casa de la Cultura N\u00facleo del Azuay\";s:24:\"display_footer_copyright\";s:1:\"1\";s:17:\"item_file_gallery\";s:1:\"0\";s:19:\"use_advanced_search\";s:1:\"0\";}s:6:\"berlin\";a:6:{s:4:\"logo\";N;s:12:\"header_image\";N;s:11:\"footer_text\";s:183:\"<h4><strong>REPOSITORIO DIGITAL<\/strong> - <strong>C.C.E. AZUAY<\/strong> - <strong>ANH\/C<\/strong> - <strong>BIBLIOTECA<\/strong>&nbsp;\"<strong>MANUEL MARIA MU\u00d1OZ, CUEVA\"<\/strong><\/h4>\";s:24:\"display_footer_copyright\";s:1:\"0\";s:19:\"use_advanced_search\";s:1:\"0\";s:17:\"item_file_display\";s:1:\"0\";}s:6:\"rhythm\";a:6:{s:11:\"style_sheet\";s:4:\"blue\";s:12:\"site_tagline\";s:0:\"\";s:4:\"logo\";N;s:11:\"footer_text\";s:0:\"\";s:24:\"display_footer_copyright\";s:1:\"0\";s:19:\"use_advanced_search\";s:1:\"0\";}s:9:\"centerrow\";a:9:{s:4:\"logo\";s:36:\"8696eb136c938b3b441276859eeba9a5.png\";s:12:\"header_image\";N;s:11:\"footer_text\";s:0:\"\";s:24:\"display_footer_copyright\";s:1:\"0\";s:19:\"use_advanced_search\";s:1:\"0\";s:13:\"body_bg_color\";s:7:\"#F5F5F5\";s:12:\"border_color\";s:7:\"#DEDEDE\";s:10:\"link_color\";s:7:\"#C72E2E\";s:11:\"other_media\";s:1:\"1\";}s:9:\"Bootstrap\";a:22:{s:4:\"logo\";s:36:\"5ba70369fc1ad50a4e65bd874d1f25c9.jpg\";s:17:\"navbar_brand_text\";s:6:\"ANH\/C \";s:21:\"display_corner_banner\";s:24:\"Memoria del Mundo UNESCO\";s:24:\"display_breadcrumb_trail\";s:0:\"\";s:19:\"use_advanced_search\";s:1:\"1\";s:13:\"link_facebook\";s:0:\"\";s:12:\"link_twitter\";s:0:\"\";s:11:\"footer_text\";s:0:\"\";s:24:\"display_footer_copyright\";s:1:\"0\";s:21:\"display_homepage_tags\";s:1:\"0\";s:30:\"display_featured_exhibit_count\";s:1:\"3\";s:20:\"display_homepage_map\";s:1:\"0\";s:25:\"display_homepage_carousel\";s:1:\"1\";s:20:\"display_grid_rotator\";s:1:\"1\";s:11:\"site_editor\";s:0:\"\";s:13:\"site_location\";s:0:\"\";s:16:\"site_institution\";s:0:\"\";s:22:\"display_items_carousel\";s:1:\"1\";s:25:\"display_selected_metadata\";s:1:\"1\";s:22:\"use_internal_bootstrap\";s:1:\"1\";s:20:\"use_google_analytics\";s:1:\"0\";s:24:\"google_analytics_account\";s:0:\"\";}s:23:\"omeka-bootswatch-themes\";a:21:{s:11:\"style_sheet\";s:6:\"flatly\";s:4:\"logo\";N;s:14:\"display_header\";s:1:\"0\";s:11:\"header_flow\";s:15:\"container-fluid\";s:17:\"header_logo_image\";N;s:23:\"header_background_image\";N;s:20:\"header_image_heading\";s:0:\"\";s:26:\"header_image_heading_color\";s:7:\"default\";s:17:\"header_image_text\";s:0:\"\";s:15:\"display_buttons\";s:1:\"0\";s:19:\"landing_page_layout\";s:9:\"half-page\";s:16:\"sidebar_position\";s:4:\"none\";s:31:\"display_sidebar_advanced_search\";s:1:\"0\";s:20:\"display_sidebar_menu\";s:1:\"0\";s:27:\"display_featured_collection\";s:1:\"0\";s:24:\"display_featured_exhibit\";s:1:\"1\";s:21:\"homepage_recent_items\";s:1:\"0\";s:23:\"display_recent_items_as\";s:4:\"grid\";s:13:\"homepage_text\";s:19744:\"<div class=\"container py-4 py-xl-5\" style=\"background: rgba(244,246,246,0);\">\r\n<div class=\"row row-cols-1 row-cols-md-2\">\r\n<div class=\"col-xxl-7 align-self-center\"><img class=\"w-100 h-100 fit-cover\" style=\"min-height: 300px; transform-origin: center; transform-style: preserve-3d; width: 439px; height: 638.391px;\" src=\"http:\/\/173.249.60.24\/files\/fullsize\/73329fe0046bad536dfe70da91138a28.jpg\" \/><\/div>\r\n<div class=\"col d-flex flex-column justify-content-center p-4\">\r\n<div class=\"text-center text-md-start d-flex flex-column align-items-center align-items-md-start mb-5\">\r\n<div>\r\n<h4 style=\"background: #f7f5f5;\">Presentaci\u00f3n<\/h4>\r\n<p class=\"text-start\" style=\"background: #d4eeff; border-radius: 25px; padding: 15px; border-left: 6px solid #d0d1da;\">Desde su creaci\u00f3n en 1964 el Archivo Nacional de Historia de Cuenca ANH\/C, tuvo siempre entre sus finalidades&nbsp;un proactivo&nbsp;objetivo de preservar para difundir sus fondos y secciones documentales lo cual permite el acercamiento m\u00e1s eficiente de la documentaci\u00f3n al usuario especializado o p\u00fablico interesado en revisar los antecedentes a lo largo de casi 400 a\u00f1os (1563-1950) de historia documentada.&nbsp;<\/p>\r\n<a href=\"http:\/\/173.249.60.24\/files\/original\/8e13941f2671122f1561f77a476dd8e2.pdf\">Revisar Gu\u00eda <\/a>Documental<\/div>\r\n<\/div>\r\n<div class=\"text-center text-md-start d-flex flex-column align-items-center align-items-md-start mb-5\">\r\n<div>\r\n<h4 style=\"background: #f7f5f5;\">Actividades<\/h4>\r\n<p style=\"background: #d1f2eb; border-radius: 14px; padding: 14px; border-left: 5px solid #3c7cb7;\">El Archivo se enfoca en preservar para difundir su acervo documental&nbsp; a trav\u00e9s de actividades que se han vuelto mayoritariamente digitales.&nbsp;&nbsp;<\/p>\r\n<a href=\"http:\/\/173.249.60.24\/eventosanhc\">Conocer m\u00e1s<\/a><\/div>\r\n<\/div>\r\n<div class=\"text-center text-md-start d-flex flex-column align-items-center align-items-md-start\">\r\n<div style=\"height: 162.547px;\">\r\n<h4 style=\"background: #f7f5f5;\">Historia<\/h4>\r\n<p style=\"background: #d7bde2; border-radius: 15px; border-left: 6px solid #51238c; padding: 10px;\">El contexto hist\u00f3rico desde el que nos afianzamos y nos ha permitido proyectarnos con servicios digitales.<\/p>\r\n<a href=\"http:\/\/173.249.60.24\/historiacreacin\">Conocer&nbsp; m\u00e1s<\/a><\/div>\r\n<div>\r\n<h4 style=\"background: #f7f5f5;\">Canales de atenci\u00f3n<\/h4>\r\n<p style=\"background: #ffca43; border-radius: 15px; border-left: 6px solid #51238c; padding: 10px;\">Puede dirigir&nbsp; su petici\u00f3n de&nbsp; informaci\u00f3n utilizando los&nbsp; canales digitales del Archivo.<\/p>\r\n<a class=\"text-start\" href=\"https:\/\/www.smartsupp.com\/widget\/eae391d3d62b2ed2486e6ebea5d0f76fbc829d85?ss-bot-run=boL6P9A5pnEY&amp;reset=1&amp;isPreviewMode=1\" style=\"background: #ffd76f;\">Chat directo&nbsp; &nbsp; &nbsp; &nbsp;<\/a><a href=\"mailto:anhcuenca@gmailcom?Subject=Petici\u00f3n de informaci\u00f3n\" style=\"background: #ffe6de;\">Correo electr\u00f3nico&nbsp; &nbsp; &nbsp;&nbsp;&nbsp;<\/a><a href=\"tel:+59372842586\" target=\"_blank\" rel=\"noopener\">Llamada telef\u00f3nica &nbsp;<\/a> <a class=\"text-start\" href=\"http:\/\/173.249.60.24\/solicitud\" style=\"background: #fef528;\">&nbsp; Escritura certificada&nbsp;<\/a><a class=\"text-start\" href=\"http:\/\/173.249.60.24\/investigacin\" style=\"background: #fed74e;\">&nbsp;Investigaci\u00f3n&nbsp;<\/a><\/div>\r\n<\/div>\r\n<\/div>\r\n<\/div>\r\n<\/div>\r\n<script src=\"\/assets\/bootstrap\/js\/bootstrap.min.js\"><\/script>\r\n<script id=\"bs-live-reload\" data-sseport=\"12755\" data-lastchange=\"1658937987755\" src=\"\/js\/livereload.js\"><\/script>\r\n<p>\r\n<script src=\"\/assets\/bootstrap\/js\/bootstrap.min.js\"><\/script>\r\n<script id=\"bs-live-reload\" data-sseport=\"2891\" data-lastchange=\"1658511046498\" src=\"\/js\/livereload.js\"><\/script>\r\n<\/p>\r\n<div class=\"row mb-5\" style=\"background: #ededed;\">\r\n<div class=\"col-md-8 col-xl-6 col-xxl-11 text-center mx-auto\" style=\"background: #fefefe;\">\r\n<h2 style=\"background: #e7f1f9; border-radius: 34px;\">&nbsp; Colecciones digitales&nbsp;<i class=\"fas fa-home\" style=\"color: #cb1b0f;\"><\/i><\/h2>\r\n<\/div>\r\n<\/div>\r\n<p><img class=\"d-xxl-flex flex-grow-0 justify-content-start align-items-xxl-center\" src=\"http:\/\/173.249.60.24\/files\/fullsize\/c62421f702481fb147126fc76c487005.jpg\" style=\"margin: -18px auto; transform: scale(1.22); width: 470px; padding: 30px; display: block;\" \/><\/p>\r\n<div class=\"container\">\r\n<p class=\"w-lg-50\" style=\"text-align: justify; --bs-body-bg: #d08686; transform: translate(-4px); background: #f4f3ee;\">Como fuente de consulta de la memoria social de colonia y rep\u00fablica, este Archivo se ha mantenido describiendo la documentaci\u00f3n para su f\u00e1cil consulta mediante fichas manuscritas en todos sus fondos, as\u00ed como el posterior mecanografiado tem\u00e1tico para consulta por ficheros. Cumpliendo con el objetivo el ANH\/C, pone a disposici\u00f3n del p\u00fablico un mayoritario porcentaje de las secciones en formato digital de difusi\u00f3n y comprendidas dentro del fondo particular: secci\u00f3n \"Antonio Borrero\", secci\u00f3n \"Mu\u00f1oz Vernaza\" y secci\u00f3n \"Luis Cordero\". Las mismas que originalmente fueron organizadas con el proyecto denominado \u201cMejoramiento para el acceso y servicio de la documentaci\u00f3n del ANH\/C\u201d, presentado al Programa para Bibliotecas y Archivos Latinoamericanos de la Fundaci\u00f3n Andrew W. Mellon, de la Universidad de Harvard. As\u00ed como parte del fondo oficial\/secci\u00f3n Gobierno administraci\u00f3n en soportes documentales encuadernados con c\u00e9dulas reales cuyas fechas extremas incluyen los a\u00f1os 1760 a 1907, y, que constitu\u00edan despachos reales expedidos por un tribunal superior, otorgando providencias o gracias a quienes eran considerados s\u00fabditos de la Corona Espa\u00f1ola. Se incluye tambi\u00e9n una colecci\u00f3n de documentos referentes a militares (1805-1831) acompa\u00f1ados de sus transcripciones respectivas. La colecci\u00f3n documental en formato de audio \u201cManuel Agust\u00edn Land\u00edvar\u201d registradas en cintas magn\u00e9ticas a las cuales agregamos transcripciones, enriquecen nuestras colecciones con folclore desde el a\u00f1o de 1950.<\/p>\r\n<h5 style=\"color: #5d6d7e; font-weight: bold; padding: 15px; border: 0px solid #85929e; border-radius: 6px;\"><video width=\"854\" height=\"362\" style=\"font-size: 14px; background-image: url('img\/object.gif'); display: block; margin-left: auto; margin-right: auto;\" controls=\"controls\" poster=\"Sample.files\/Sample.jpg\">\r\n<source src=\"http:\/\/173.249.60.24\/files\/original\/048c242eec0e31eec9ae791280eb0730.mp4\" \/><\/video><\/h5>\r\n<\/div>\r\n<div class=\"container-fluid text-start d-flex float-start d-xxl-flex flex-row flex-fill justify-content-around justify-content-xxl-center py-4 py-xl-5\">\r\n<div class=\"row gy-4 row-cols-1 row-cols-md-2 row-cols-xl-3\">\r\n<div class=\"col\" style=\"background: #f7f6ef;\">\r\n<div class=\"p-4\">\r\n<h4>Secci\u00f3n \"Antonio Borrero\"<\/h4>\r\n<p class=\"font-monospace\"><a href=\"http:\/\/173.249.60.24\/items\/browse?collection=22\">La documentaci\u00f3n que corresponden a esta secci\u00f3n contiene parte de su correspondencia personal con amigos y familiares.<\/a><\/p>\r\n<div class=\"d-flex\"><img class=\"img-fluid\" src=\"http:\/\/173.249.60.24\/files\/fullsize\/7479d9cbaddb3df58bae53e9e07e0320.jpg\" style=\"display: block; margin-left: auto; margin-right: auto;\" \/><\/div>\r\n<\/div>\r\n<\/div>\r\n<div class=\"col\" style=\"background: #f7fff7;\">\r\n<div class=\"p-4\">\r\n<h4>Secci\u00f3n \"Luis Cordero\"<\/h4>\r\n<p class=\"font-monospace\"><a href=\"http:\/\/173.249.60.24\/items\/browse?collection=24\">Documentos relativos a su periodo en la Presidencia de la Rep\u00fablica entre 1892 a 1895, as\u00ed como algunos aspectos trascendentales de la vida de este insigne cient\u00edfico, diplom\u00e1tico, ling\u00fcista, bot\u00e1nico.<\/a><\/p>\r\n<div class=\"d-flex\"><img class=\"img-fluid\" src=\"http:\/\/173.249.60.24\/files\/fullsize\/d8492793d8b2cb6372a398733d4fbd46.jpg\" \/><\/div>\r\n<\/div>\r\n<\/div>\r\n<div class=\"col\" style=\"background: #f3ecf5;\">\r\n<div class=\"p-4\" style=\"text-align: left;\">\r\n<h4>Secci\u00f3n \"Mu\u00f1oz Vernaza\"<\/h4>\r\n<p class=\"font-monospace text-start\"><a href=\"http:\/\/173.249.60.24\/items\/browse?collection=21\">Los documentos que esta secci\u00f3n contiene, provienen de la compra que hizo la Casa de la Cultura Ecuatoriana \u201cBenjam\u00edn Carri\u00f3n\u201d, N\u00facleo del Azuay, de la biblioteca que perteneci\u00f3 <br \/>a este distinguido Cuencano.<\/a><\/p>\r\n<div class=\"d-flex\"><img class=\"img-fluid\" src=\"http:\/\/173.249.60.24\/files\/fullsize\/f6c82a6e92f3a84f61cbd3dfffb7d5d8.jpg\" \/><\/div>\r\n<\/div>\r\n<\/div>\r\n<div class=\"col\" style=\"background: #ffe4e0;\">\r\n<div class=\"p-4\">\r\n<h4>Secci\u00f3n \"Gobierno Administraci\u00f3n\"<\/h4>\r\n<p class=\"text-start\" style=\"text-align: justify;\"><a href=\"http:\/\/173.249.60.24\/items\/browse?collection=28\">Documentaci\u00f3n procedente de la principal entidad pol\u00edtica de la Provincia: la Gobernaci\u00f3n, contiene libros con reales c\u00e9dulas emitidas desde Espa\u00f1a a las indias y sus funcionarios reales en la ciudad Cuenca entre los a\u00f1os de 1760 a 1907<\/a><br \/><a href=\"http:\/\/173.249.60.24\/items\/browse?collection=28\"><img class=\"img-fluid\" src=\"http:\/\/173.249.60.24\/files\/fullsize\/11e10b2f83f8ed76d0d846e702ba2e5e.jpg\" \/><\/a><\/p>\r\n<\/div>\r\n<\/div>\r\n<div class=\"col\" style=\"background: #eef1ff;\">\r\n<div class=\"p-4\">\r\n<h4>Colecci\u00f3n \"Militares 1805-1831\"<\/h4>\r\n<p class=\"text-start\"><a href=\"http:\/\/173.249.60.24\/collections\/show\/37\" target=\"_blank\" rel=\"noopener\" title=\"VER\">Colecci\u00f3n documental digital que contiene un total de 186 documentos comprendidos entre los a\u00f1os de 1805 hasta 1831 enfocados mayoritariamente en la tem\u00e1tica de militares, cada documento se incluye con su transcripci\u00f3n \u00edntegra.<\/a><\/p>\r\n<div class=\"d-flex\"><a href=\"http:\/\/173.249.60.24\/collections\/show\/37\" target=\"_blank\" rel=\"noopener\" title=\"VER COLECCION DIGITAL\"><img class=\"img-fluid\" src=\"http:\/\/173.249.60.24\/files\/fullsize\/a8b3c326d9d4e388197c4c7c147a2377.jpg\" \/><\/a><\/div>\r\n<\/div>\r\n<\/div>\r\n<\/div>\r\n<\/div>\r\n<p>\r\n<script src=\"\/assets\/bootstrap\/js\/bootstrap.min.js\"><\/script>\r\n<script id=\"bs-live-reload\" data-sseport=\"2891\" data-lastchange=\"1658511010978\" src=\"\/js\/livereload.js\"><\/script>\r\n<\/p>\r\n<p>\r\n<script src=\"\/assets\/bootstrap\/js\/bootstrap.min.js\"><\/script>\r\n<script src=\"\/assets\/js\/Header-Blue--Sticky-Header--Smooth-Scroll-1.js\"><\/script>\r\n<script src=\"\/assets\/js\/Header-Blue--Sticky-Header--Smooth-Scroll.js\"><\/script>\r\n<script id=\"bs-live-reload\" data-sseport=\"2891\" data-lastchange=\"1658512464943\" src=\"\/js\/livereload.js\"><\/script>\r\n<\/p>\r\n<div class=\"container\">\r\n<div class=\"row\">\r\n<div class=\"col-md-6\" style=\"background: #d2e5d0; padding: 12px;\"><a href=\"https:\/\/downloads.arqueo-ecuatoriana.ec\/ayhpwxgv\/nuestro_patrimonio\/NuestroPatrimonio_15.pdf\" target=\"_blank\" rel=\"noopener\" title=\"Ver fuente en Revista Nuestro Patrimonio\"><img src=\"http:\/\/173.249.60.24\/files\/fullsize\/ae3b0ef79f8b0b877e320cfe392ff402.jpg\" style=\"width: 246px;\" width=\"200\" \/><\/a><a href=\"https:\/\/downloads.arqueo-ecuatoriana.ec\/ayhpwxgv\/nuestro_patrimonio\/NuestroPatrimonio_15.pdf\" target=\"_blank\" rel=\"noopener\" title=\"Ver fuente: Revista Nuestro Patrimonio\"><img src=\"http:\/\/173.249.60.24\/files\/fullsize\/8b7c0bca3b8fe0fbaa12dca618e74a49.jpg\" style=\"width: 241px; padding: -17px; margin: 2px;\" width=\"200\" \/><\/a><i class=\"fas fa-volume-up fs-6\" style=\"transform: scale(5.10); color: #ffffff; margin: 18px; height: 27px;\"><\/i>\r\n<p style=\"font-size: 13px; color: #ffffff; text-align: justify;\"><a href=\"http:\/\/173.249.60.24\/items\/browse?collection=38\" target=\"_blank\" rel=\"noopener\" title=\"ACCEDER A COLECCI\u00d3N \">Colecci\u00f3n de grabaciones magn\u00e9ticas que forman parte del patrimonio inmaterial y que incluyen transcripciones referentes a: pase del ni\u00f1o, escaramuzas, cuentos, instrumentos musicales, el juego del Pucara entre otros.<\/a><\/p>\r\n<\/div>\r\n<div class=\"col-md-6\" style=\"background: #d8dcc0;\">\r\n<figure>\r\n<blockquote class=\"blockquote\">\r\n<p class=\"mb-0\" style=\"font-size: 13px; text-align: justify; color: #51524b;\">Manuel Agust\u00edn Land\u00edvar Ullauri, m\u00e9dico de profesi\u00f3n y laboratorista, que en sus horas y d\u00edas libres, con su c\u00e1mara fotogr\u00e1fica y su grabadora port\u00e1til recorr\u00eda los m\u00e1s insospechados escenarios, parajes y personajes, siempre en b\u00fasqueda de alg\u00fan tema, entre las m\u00faltiples manifestaciones del cotidiano hacer cultural de la gente o, las fiestas populares y religiosas, que generosas se gestan y consumen en las zonas rurales y los barrios urbanos de Cuenca.&nbsp;As\u00ed, Manuel Agust\u00edn Land\u00edvar, junto con, Gloria Pes\u00e1ntez, Eulalia Vintimilla, Gloria Malo, Carlos Ram\u00edrez, Jacinto Cordero, Benigno Malo, Gustavo Reinoso y otros, dieron los primeros pasos en un camino que permiti\u00f3 recorrer la geograf\u00eda que por entonces, bajo la inspiraci\u00f3n de Paulo de Carvalho-Neto se denominaba Folklore, pero que en realidad no era otra cosa que la moderna Etnograf\u00eda, incorporando al registro de la cultura local, importantes estudios que van desde las artesan\u00edas, hasta las tradiciones religiosas, los mitos, leyendas, la m\u00fasica, la danza, la etnomedicina, la transcripci\u00f3n de documentos antiguos, la arqueolog\u00eda, etc.<\/p>\r\n<\/blockquote>\r\n<figcaption class=\"blockquote-footer\" style=\"font-size: 9px; color: #ffffff; font-weight: bold;\"><a href=\"http:\/\/www.revistaelobservadorec.com\/revista.php?id_edi=A9t1migGDe&amp;id_cat=dRkC8tQlel&amp;id_item=YECDdS1mmX\" target=\"_blank\" rel=\"noopener\" title=\"VER FUENTE \">Fuente revista el Observador&nbsp;<\/a><\/figcaption>\r\n<\/figure>\r\n<\/div>\r\n<\/div>\r\n<\/div>\r\n<script src=\"\/assets\/bootstrap\/js\/bootstrap.min.js\"><\/script>\r\n<script src=\"https:\/\/cdn.datatables.net\/1.10.20\/js\/jquery.dataTables.min.js\"><\/script>\r\n<script src=\"https:\/\/cdn.datatables.net\/1.10.20\/js\/dataTables.bootstrap4.min.js\"><\/script>\r\n<script src=\"\/assets\/js\/Bootstrap-DataTables.js\"><\/script>\r\n<script src=\"\/assets\/js\/Animated-Type-Heading.js\"><\/script>\r\n<script id=\"bs-live-reload\" data-sseport=\"4345\" data-lastchange=\"1662044546730\" src=\"\/js\/livereload.js\"><\/script>\r\n<p><\/p>\r\n<p><\/p>\r\n<div class=\"container\" data-aos=\"fade-up\" data-aos-delay=\"50\">\r\n<div class=\"row\" style=\"background: #c3b890;\">\r\n<div class=\"col-md-6\" style=\"background: #e7d58f;\">\r\n<h5 class=\"text-start\" style=\"padding: 16px;\"><strong>UNESCO - MEMORIA DEL MUNDO <img class=\"full\" alt=\"logo unesco mow\" src=\"http:\/\/173.249.60.24\/files\/fullsize\/7694286c6e3db9f0115562a43cafdcf4.jpg\" title=\"logo unesco mow\" width=\"408\" height=\"254\" style=\"display: block; margin-left: auto; margin-right: auto;\" \/><\/strong>&nbsp;Con el conocimiento real del valor patrimonial de los diferentes fondos existentes en el Archivo Nacional de Historia de Cuenca - ANH\/C - Su Directora Martha Orellana D\u00edaz y Juan Pablo Matute responsable tecnol\u00f3gico, escogen y desarrollan la postulaci\u00f3n de entre sus colecciones a la que consideramos emblem\u00e1tica la Notaria 3ra del Cant\u00f3n Cuenca, lo que implica 211 vol\u00famenes entre los a\u00f1os 1563 - 1950, es decir 387 a\u00f1os de historia ininterrumpida desde la colonia hasta la rep\u00fablica. En los meses posteriores realizamos el llenado de los formularios descriptivos, as\u00ed como de la ficha t\u00e9cnica (ISADG) conforme a lo requerido. Paralelamente se coordinan reuniones con valiosos acad\u00e9micos e instituciones que puedan dar testimonio del valor patrimonial para la humanidad de la colecci\u00f3n postulada. Finalmente se procede a la traducci\u00f3n al idioma ingl\u00e9s del expediente de convocatoria completo, previo a su env\u00edo. En octubre se dan a conocer los resultados con el reconocimiento de Memoria del Mundo para el Archivo Nacional de Historia de Cuenca, como custodio de la memoria social humana.<br \/><em><a href=\"http:\/\/173.249.60.24\/exhibits\/show\/patrimonio-documental\/memoriadelmundounesco\" target=\"_blank\" rel=\"noopener\" title=\"Conozca m\u00e1s de la colecci\u00f3n\">Conocer m\u00e1s de la colecci\u00f3n.<\/a> &nbsp;&nbsp;&nbsp;&nbsp;&nbsp;<\/em> <br \/><br \/>Desarrollador de sitio digital y colecciones: Juan Pablo Matute (ANH\/C)<\/h5>\r\n<\/div>\r\n<div class=\"col-8 col-md-6\" style=\"background: #f2dcbb;\"><picture><img class=\"img-fluid\" src=\"http:\/\/173.249.60.24\/files\/original\/408ff6aa23dfc3c7c1aed7c78a016d2c.png\" \/><\/picture><\/div>\r\n<\/div>\r\n<\/div>\r\n<p>\r\n<script src=\"\/assets\/bootstrap\/js\/bootstrap.min.js\"><\/script>\r\n<script src=\"\/assets\/js\/bs-init.js\"><\/script>\r\n<script src=\"https:\/\/cdnjs.cloudflare.com\/ajax\/libs\/aos\/2.3.4\/aos.js\"><\/script>\r\n<script src=\"\/assets\/js\/Header-Blue--Sticky-Header--Smooth-Scroll-1.js\"><\/script>\r\n<script src=\"\/assets\/js\/Header-Blue--Sticky-Header--Smooth-Scroll.js\"><\/script>\r\n<script id=\"bs-live-reload\" data-sseport=\"2891\" data-lastchange=\"1658513072776\" src=\"\/js\/livereload.js\"><\/script>\r\n<\/p>\r\n<div><hr \/><header class=\"section section--border\">\r\n<div class=\"container-fluid\">\r\n<div class=\"row\">\r\n<div class=\"old-offset\">\r\n<h2><\/h2>\r\n<h4 style=\"text-align: left;\">Los Archivos son accesibles consulte recursos en el mapa de la <a href=\"https:\/\/livemap.getwemap.com\/iframe.php?emmid=13080&amp;token=BZOTEQEWD9KLMCBIQXS9FXM97#\/search@10.7742207,36.0533252,2.74\" target=\"_blank\" rel=\"noopener\" title=\"ver mapa \">ICA<\/a><\/h4>\r\n<\/div>\r\n<\/div>\r\n<\/div>\r\n<\/header><\/div>\r\n<h4><iframe width=\"200%\" height=\"200%\" style=\"max-width: 100%;\" src=\"https:\/\/livemap.getwemap.com\/embed.html?emmid=13080&amp;token=BZOTEQEWD9KLMCBIQXS9FXM97#\/search?query=cuenca@-2.8904022,-79.0304866,12.00\" frameborder=\"0\" allowfullscreen=\"allowfullscreen\" allowtransparency=\"\" allow=\"geolocation; camera; accelerometer; gyroscope; magnetometer; fullscreen\"><\/iframe><\/h4>\r\n<hr \/>\r\n<h4>RED DE ARCHIVOS NACIONALES<br \/><br \/><\/h4>\r\n<div style=\"width: 100%;\">\r\n<div style=\"position: relative; padding-bottom: 40%; padding-top: 0; height: 0;\"><iframe width=\"450px\" height=\"450px\" style=\"position: absolute; top: 0; left: 0; width: 100%; height: 100%;\" frameborder=\"0\" src=\"https:\/\/view.genial.ly\/6179e1753cfca60d9bf11582\" type=\"text\/html\" allowscriptaccess=\"always\" allowfullscreen=\"allowfullscreen\" scrolling=\"yes\" allownetworking=\"all\"><\/iframe><\/div>\r\n<\/div>\r\n<p>\r\n<script type=\"text\/javascript\">\r\n        (function () {\r\n            var options = {\r\n                email: \"anhcuenca@gmail.com\", \/\/ Email\r\n                call: \"072842586 \", \/\/ Call phone number\r\n                call_to_action: \"Cont\u00e1ctenos\", \/\/ Call to action\r\n                button_color: \"#b2e44e\", \/\/ Color of button\r\n                position: \"left\", \/\/ Position may be 'right' or 'left'\r\n                order: \"call,email\", \/\/ Order of buttons\r\n            };\r\n            var proto = document.location.protocol, host = \"getbutton.io\", url = proto + \"\/\/static.\" + host;\r\n            var s = document.createElement('script'); s.type = 'text\/javascript'; s.async = true; s.src = url + '\/widget-send-button\/js\/init.js';\r\n            s.onload = function () { WhWidgetSendButton.init(host, proto, options); };\r\n            var x = document.getElementsByTagName('script')[0]; x.parentNode.insertBefore(s, x);\r\n        })();\r\n    <\/script>\r\n<\/p>\r\n<h4 style=\"text-align: center;\"><!-- \/GetButton.io widget --><\/h4>\r\n<script>(function (d) { var js, id = \"genially-embed-js\", ref = d.getElementsByTagName(\"script\")[0]; if (d.getElementById(id)) { return; } js = d.createElement(\"script\"); js.id = id; js.async = true; js.src = \"https:\/\/view.genial.ly\/static\/embed\/embed.js\"; ref.parentNode.insertBefore(js, ref); }(document));<\/script>\r\n<!-- Histats.com  (div with counter) -->\r\n<div id=\"histats_counter\"><\/div>\r\n<!-- Histats.com  START  (aync)-->\r\n<script type=\"text\/javascript\">var _Hasync= _Hasync|| [];\r\n_Hasync.push(['Histats.start', '1,4662081,4,1034,150,25,00010100']);\r\n_Hasync.push(['Histats.fasi', '1']);\r\n_Hasync.push(['Histats.track_hits', '']);\r\n(function() {\r\nvar hs = document.createElement('script'); hs.type = 'text\/javascript'; hs.async = true;\r\nhs.src = ('\/\/s10.histats.com\/js15_as.js');\r\n(document.getElementsByTagName('head')[0] || document.getElementsByTagName('body')[0]).appendChild(hs);\r\n})();<\/script>\r\n<noscript><a href=\"\/\" target=\"_blank\"><img  src=\"\/\/sstatic1.histats.com\/0.gif?4662081&101\" alt=\"counter\" border=\"0\"><\/a><\/noscript><!-- Histats.com  END  -->\";s:24:\"display_footer_copyright\";s:1:\"1\";s:11:\"footer_text\";s:1460:\"<!-- Smartsupp Live Chat script -->\r\n<script type=\"text\/javascript\">\r\nvar _smartsupp = _smartsupp || {};\r\n_smartsupp.key = 'eae391d3d62b2ed2486e6ebea5d0f76fbc829d85';\r\nwindow.smartsupp||(function(d) {\r\n  var s,c,o=smartsupp=function(){ o._.push(arguments)};o._=[];\r\n  s=d.getElementsByTagName('script')[0];c=d.createElement('script');\r\n  c.type='text\/javascript';c.charset='utf-8';c.async=true;\r\n  c.src='https:\/\/www.smartsuppchat.com\/loader.js?';s.parentNode.insertBefore(c,s);\r\n})(document);\u00a0\u00a0\u00a0\u00a0 <\/script>\r\nARCHIVO NACIONAL DE HISTORIA DE CUENCA&nbsp; correo: anhcuenca@gmail.com&nbsp; telf: 2 842586 ext.112 - Colecciones digitales y sitio desarrollado por <strong>Juan Pablo Matute<\/strong> <!-- Histats.com  (div with counter) -->\r\n<div id=\"histats_counter\"><\/div>\r\n<!-- Histats.com  START  (aync)-->\r\n<script type=\"text\/javascript\">var _Hasync= _Hasync|| [];\r\n_Hasync.push(['Histats.start', '1,4662081,4,1034,150,25,00010100']);\r\n_Hasync.push(['Histats.fasi', '1']);\r\n_Hasync.push(['Histats.track_hits', '']);\r\n(function() {\r\nvar hs = document.createElement('script'); hs.type = 'text\/javascript'; hs.async = true;\r\nhs.src = ('\/\/s10.histats.com\/js15_as.js');\r\n(document.getElementsByTagName('head')[0] || document.getElementsByTagName('body')[0]).appendChild(hs);\r\n})();<\/script>\r\n<noscript><a href=\"\/\" target=\"_blank\"><img  src=\"\/\/sstatic1.histats.com\/0.gif?4662081&101\" alt=\"contador web gratis\" border=\"0\"><\/a><\/noscript><!-- Histats.com  END  -->\";}}","slug":"paleograf--atipos-de-letra","added":"2019-07-23 19:57:49","modified":"2025-03-25 16:17:59","owner_id":6,"use_summary_page":0,"cover_image_file_id":412,"id":3},"item":{"item_type_id":null,"collection_id":25,"featured":0,"public":1,"added":"2019-07-24 22:50:41","modified":"2024-10-23 21:34:08","owner_id":6,"id":384}}