{"exhibit":{"title":"Las Cartas de do\u00f1a Ana Zurita Ochoa  Siglo XVII","description":"<h3>La expresi\u00f3n de la mujer a trav\u00e9s del g\u00e9nero epistolar en Cuenca de las Indias en el siglo XVII: las cartas&nbsp;de do\u00f1a Ana Zurita Ochoa<\/h3>\r\n<p class=\"brush: html line-numbers  language-html\" style=\"text-align: left;\"><code class=\"  language-html\"><span class=\"token tag\"><span class=\"token punctuation\"><\/span><\/span><\/code><em>Do\u00f1a Ana Zurita Ochoa es una mujer espa\u00f1ola que hace su vida en Cuenca de las Indias en la primera mitad del siglo XVII. Pertenece a la \u00e9lite \u00e9tnica, social y econ\u00f3mica por lo que ocupa un lugar \u201cprivilegiado\u201d con relaci\u00f3n a los ind\u00edgenas, negros y mestizos que forman parte de la urbe. En su cotidianeidad, tambi\u00e9n se relaciona con sus iguales, hace negocios, convive y se defiende de sus afrentas. Sus cartas (manuscritos in\u00e9ditos que reposan en el Archivo Nacional de Historia-N\u00facleo del Azuay) dirigidas a su esposo, don Salvador de Poveda, son el testimonio de su existencia. En estas, por medio de la escritura, do\u00f1a Ana construye y proyecta im\u00e1genes de s\u00ed misma como madre, esposa, amante, y vecina de Cuenca dentro del contexto de la Audiencia quite\u00f1a. Escribe en y desde el margen del papel de la carta; de este modo, ocupa este espacio como una \u201ctreta\u201d que reafirma su centralidad. Es decir, manifiesta su voz y se hace presente en la historia de las mujeres.&nbsp;<\/em><\/p>","credits":"Pablo Matute (ANH\/C)  - Obra: Mar\u00eda Teresa Arteaga","featured":0,"public":1,"theme":"","theme_options":"a:7:{s:10:\"bigpicture\";a:4:{s:11:\"footer_text\";s:191:\"<div style=\"text-align: center;\"><strong>Archivo Nacional de Historia de Cuenca&nbsp;<\/strong><\/div>\r\n<div style=\"text-align: center;\"><strong>fuentes primarias de informaci\u00f3n<\/strong><\/div>\";s:24:\"display_footer_copyright\";s:1:\"1\";s:19:\"use_advanced_search\";s:1:\"0\";s:4:\"logo\";s:36:\"3afcca7312e9b7704bd7eb08f214ff56.jpg\";}s:10:\"minimalist\";a:6:{s:4:\"logo\";s:36:\"5cbea8b5f2dd0511216388c3e792e67a.jpg\";s:11:\"footer_text\";s:0:\"\";s:24:\"display_footer_copyright\";s:1:\"0\";s:17:\"item_file_gallery\";s:1:\"0\";s:19:\"use_advanced_search\";s:1:\"0\";s:12:\"exhibits_nav\";s:4:\"full\";}s:6:\"berlin\";a:6:{s:12:\"header_image\";N;s:11:\"footer_text\";s:183:\"<h4><strong>REPOSITORIO DIGITAL<\/strong> - <strong>C.C.E. AZUAY<\/strong> - <strong>ANH\/C<\/strong> - <strong>BIBLIOTECA<\/strong>&nbsp;\"<strong>MANUEL MARIA MU\u00d1OZ, CUEVA\"<\/strong><\/h4>\";s:24:\"display_footer_copyright\";s:1:\"0\";s:19:\"use_advanced_search\";s:1:\"0\";s:17:\"item_file_display\";s:1:\"0\";s:4:\"logo\";s:36:\"586f89d2668a0c9523c59c0bb3082c4c.jpg\";}s:8:\"bigstuff\";a:23:{s:16:\"background_color\";s:7:\"#103c63\";s:16:\"background_image\";s:36:\"aa6fc693607e7f4a1c465c83811fc555.jpg\";s:15:\"background_tile\";s:1:\"0\";s:16:\"single_line_item\";s:1:\"1\";s:19:\"sortable_shortcodes\";s:1:\"1\";s:4:\"logo\";N;s:9:\"logo_size\";s:4:\"60px\";s:10:\"logo_color\";s:7:\"#cccccc\";s:12:\"header_image\";N;s:11:\"footer_text\";s:0:\"\";s:24:\"display_footer_copyright\";s:1:\"0\";s:19:\"use_advanced_search\";s:1:\"0\";s:12:\"article_type\";s:7:\"Article\";s:21:\"conference_paper_type\";s:16:\"Conference Paper\";s:9:\"book_type\";s:4:\"Book\";s:11:\"manual_type\";s:6:\"Manual\";s:11:\"thesis_type\";s:6:\"Thesis\";s:11:\"report_type\";s:6:\"Report\";s:9:\"text_type\";s:4:\"Text\";s:12:\"website_type\";s:7:\"Website\";s:14:\"hyperlink_type\";s:9:\"Hyperlink\";s:17:\"moving_image_type\";s:12:\"Moving Image\";s:16:\"still_image_type\";s:11:\"Still Image\";}s:7:\"default\";a:12:{s:10:\"text_color\";s:7:\"#17202A\";s:16:\"background_color\";s:7:\"#273746\";s:10:\"link_color\";s:7:\"#FBFCFC\";s:12:\"button_color\";s:7:\"#000000\";s:17:\"button_text_color\";s:7:\"#FFFFFF\";s:18:\"header_title_color\";s:7:\"#000000\";s:4:\"logo\";s:36:\"dbffd6c7f86b84f00b2387e7c10b7a36.jpg\";s:17:\"header_background\";N;s:11:\"footer_text\";s:62:\"Repositorio digital de la Casa de la Cultura N\u00facleo del Azuay\";s:24:\"display_footer_copyright\";s:1:\"1\";s:17:\"item_file_gallery\";s:1:\"0\";s:19:\"use_advanced_search\";s:1:\"0\";}s:9:\"centerrow\";a:9:{s:12:\"header_image\";N;s:11:\"footer_text\";s:0:\"\";s:24:\"display_footer_copyright\";s:1:\"0\";s:19:\"use_advanced_search\";s:1:\"0\";s:13:\"body_bg_color\";s:7:\"#FFFFFF\";s:12:\"border_color\";s:7:\"#DEDEDE\";s:10:\"link_color\";s:7:\"#C72E2E\";s:11:\"other_media\";s:1:\"1\";s:4:\"logo\";s:36:\"2b95876455444df681418ad5ec27c1be.jpg\";}s:8:\"thedaily\";a:16:{s:17:\"button_background\";s:7:\"#D8B5FC\";s:11:\"button_text\";s:7:\"#800080\";s:17:\"eb_nav_background\";s:7:\"#E3FE0C\";s:11:\"eb_nav_text\";s:7:\"#800080\";s:19:\"featured_background\";s:7:\"#FFE8FF\";s:13:\"featured_text\";s:7:\"#F0E9F0\";s:21:\"home_intro_background\";s:7:\"#FFE8FF\";s:15:\"home_intro_text\";s:7:\"#FFE8FF\";s:22:\"top_nav_highlight_text\";s:7:\"#E8BBEB\";s:4:\"logo\";N;s:12:\"header_image\";N;s:22:\"homepage_text_position\";s:3:\"top\";s:11:\"footer_text\";s:0:\"\";s:24:\"display_footer_copyright\";s:1:\"0\";s:19:\"use_advanced_search\";s:1:\"0\";s:11:\"other_media\";s:1:\"1\";}}","slug":"las-cartas-ana-zurita-ochoa--s","added":"2020-02-10 21:35:29","modified":"2022-01-17 18:28:52","owner_id":1,"use_summary_page":0,"cover_image_file_id":897,"id":4},"item":{"item_type_id":null,"collection_id":20,"featured":0,"public":1,"added":"2020-02-10 21:27:06","modified":"2024-10-23 21:34:17","owner_id":1,"id":810}}